{"id":19545,"date":"2018-07-30T19:34:49","date_gmt":"2018-07-30T19:34:49","guid":{"rendered":"https:\/\/kadampafestivals.org\/2018\/07\/special-union"},"modified":"2018-08-05T09:22:23","modified_gmt":"2018-08-05T09:22:23","slug":"una-union-especial-dia-3","status":"publish","type":"post","link":"https:\/\/kadampafestivals.org\/es\/2018\/07\/una-union-especial-dia-3","title":{"rendered":"Una uni\u00f3n especial"},"content":{"rendered":"<p><iframe loading=\"lazy\" width=\"100%\" height=\"550\" src=\"https:\/\/www.youtube.com\/embed\/VyKMT0NbhYM\" frameborder=\"0\" allow=\"autoplay; encrypted-media\" allowfullscreen><\/iframe><\/p>\n<p>Los festivales, como record\u00f3 guenla Jampa en su primera charla cuando nos transmiti\u00f3 el mensaje especial del venerable Gueshela, son esenciales para \u00abmantener la Uni\u00f3n Internacional de Budismo Kadampa\u00bb para las generaciones futuras.<\/p>\n<p>Existen muchas acepciones del t\u00e9rmino Uni\u00f3n, pero una de ellas se refiere claramente a la que experimentamos en el Festival juntos como un colectivo, una uni\u00f3n de practicantes, de todos los lugares del mundo. Meditamos juntos, comemos juntos, escuchamos juntos el Dharma y generamos mentes virtuosas juntos, debatimos, nos relacionamos y trabajamos juntos&#8230; creamos virtud juntos. Al estar aqu\u00ed, estamos creando la Uni\u00f3n Internacional de Budismo Kadampa, ahora y para el futuro. Participar en el Festival es poderoso y crea un poderoso karma positivo. Y esto se siente. <\/p>\n<p>Una mujer, que por primera vez est\u00e1 participando en el Festival, me ha transmitido que le ha sorprendido mucho la cordialidad de todos, de tantas personas de tantas partes del mundo.<\/p>\n<p><a href=\"https:\/\/gallery.kadampa.org\/International-Festivals\/2018-Summer-Festival\/Day-3\/i-xJJx7xj\/A\"><img decoding=\"async\" src=\"https:\/\/photos.smugmug.com\/International-Festivals\/2018-Summer-Festival\/Day-3\/i-xJJx7xj\/0\/9aa4f0a2\/XL\/12-01_Rinzing_30Jul18-16--XL.jpg\" alt=\"\" \/><\/a><\/p>\n<p><a href=\"https:\/\/gallery.kadampa.org\/International-Festivals\/2018-Summer-Festival\/Day-3\/i-PZBq7Jn\/A\"><img decoding=\"async\" src=\"https:\/\/photos.smugmug.com\/International-Festivals\/2018-Summer-Festival\/Day-3\/i-PZBq7Jn\/0\/a874b514\/XL\/14-IMG_1145--XL.jpg\" alt=\"\" \/><\/a><\/p>\n<p><a href=\"https:\/\/gallery.kadampa.org\/International-Festivals\/2018-Summer-Festival\/Day-3\/i-NcxTNTB\/A\"><img decoding=\"async\" src=\"https:\/\/photos.smugmug.com\/International-Festivals\/2018-Summer-Festival\/Day-3\/i-NcxTNTB\/0\/03fa2749\/XL\/15-01_Rinzing_30Jul18-18--XL.jpg\" alt=\"\" \/><\/a><\/p>\n<p><a href=\"https:\/\/gallery.kadampa.org\/International-Festivals\/2018-Summer-Festival\/Day-3\/i-47mbZDz\/A\"><img decoding=\"async\" src=\"https:\/\/photos.smugmug.com\/International-Festivals\/2018-Summer-Festival\/Day-3\/i-47mbZDz\/0\/2d63db64\/XL\/10-01_Rinzing_30Jul18-5--XL.jpg\" alt=\"\" \/><\/a><\/p>\n<p>Por medio del Festival se expresa la paz mundial y se crea la paz mundial, al mismo tiempo. Es un bell\u00edsimo ejemplo para un mundo que tanto lo necesita.<\/p>\n<p>Y un nuevo d\u00eda da comienzo para esta uni\u00f3n de personas meditadoras, guiadas por guen Ananda, para profundizar en la amplia claridad de la mente. Y luego, guenla Jampa contin\u00faa, ofreci\u00e9ndonos preciosas Joyas del Dharma, una tras otra, mientras se prodiga en citas, publicadas y no publicadas, del venerable Gueshela, as\u00ed como de Buda, Shantideva, Atisha, Gueshe Chekaua, Milarepa&#8230; \u00a1maravilloso!<\/p>\n<p><a href=\"https:\/\/gallery.kadampa.org\/International-Festivals\/2018-Summer-Festival\/Day-3\/i-SdhbrJG\/A\"><img decoding=\"async\" src=\"https:\/\/photos.smugmug.com\/International-Festivals\/2018-Summer-Festival\/Day-3\/i-SdhbrJG\/0\/2f8ac2ef\/XL\/1-BERG2339--XL.jpg\" alt=\"\" \/><\/a><\/p>\n<p><a href=\"https:\/\/gallery.kadampa.org\/International-Festivals\/2018-Summer-Festival\/Day-3\/i-xh6W6Zp\/A\"><img decoding=\"async\" src=\"https:\/\/photos.smugmug.com\/International-Festivals\/2018-Summer-Festival\/Day-3\/i-xh6W6Zp\/0\/dcc9b35e\/XL\/3-BERG2395--XL.jpg\" alt=\"\" \/><\/a><\/p>\n<p><a href=\"https:\/\/gallery.kadampa.org\/International-Festivals\/2018-Summer-Festival\/Day-3\/i-Z3pc5sD\/A\"><img decoding=\"async\" src=\"https:\/\/photos.smugmug.com\/International-Festivals\/2018-Summer-Festival\/Day-3\/i-Z3pc5sD\/0\/08480618\/XL\/2-BERG2327--XL.jpg\" alt=\"\" \/><\/a><\/p>\n<p><a href=\"https:\/\/gallery.kadampa.org\/International-Festivals\/2018-Summer-Festival\/Day-3\/i-2vXBjfk\/A\"><img decoding=\"async\" src=\"https:\/\/photos.smugmug.com\/International-Festivals\/2018-Summer-Festival\/Day-3\/i-2vXBjfk\/0\/2c0b0fe7\/XL\/5-01_Rinzing_30Jul18-57--XL.jpg\" alt=\"\" \/><\/a><\/p>\n<p>A lo largo de la ma\u00f1ana, guenla Jampa nos ayud\u00f3 a generar juntos la \u00abgozosa mente de la renuncia\u00bb (gozosa porque estamos dejando atr\u00e1s el oc\u00e9ano del sufrimiento de samsara y nos vamos dirigiendo a la felicidad suprema de la liberaci\u00f3n). Y tambi\u00e9n nos ayud\u00f3 a generar la determinaci\u00f3n de practicar los Tres Adistramientos Superiores, que son el m\u00e9todo para lograr esa liberaci\u00f3n. Con las dos ense\u00f1anzas de la ma\u00f1ana, guenla Jampa nos anim\u00f3 a superar las distracciones por medio, en particular, de transformar las experiencias, sean buenas o malas, en objetos de meditaci\u00f3n. Nos dijo, citando a Gueshela, que \u00ablos practicantes Kadampas que hacen esto no tendr\u00e1n distracciones, ya que convierten todas las distracciones en objetos de meditaci\u00f3n. Estos practicantes podr\u00e1n alcanzar la iluminaci\u00f3n con rapidez\u00bb.<\/p>\n<p><a href=\"https:\/\/gallery.kadampa.org\/International-Festivals\/2018-Summer-Festival\/Day-3\/i-crJTkdk\/A\"><img decoding=\"async\" src=\"https:\/\/photos.smugmug.com\/International-Festivals\/2018-Summer-Festival\/Day-3\/i-crJTkdk\/0\/0d43d4e7\/XL\/7-01_Rinzing_30Jul18-45--XL.jpg\" alt=\"\" \/><\/a><\/p>\n<p><a href=\"https:\/\/gallery.kadampa.org\/International-Festivals\/2018-Summer-Festival\/Day-3\/i-TnZX7Wq\/A\"><img decoding=\"async\" src=\"https:\/\/photos.smugmug.com\/International-Festivals\/2018-Summer-Festival\/Day-3\/i-TnZX7Wq\/0\/edd3344a\/XL\/9-BERG2485--XL.jpg\" alt=\"\" \/><\/a><\/p>\n<p><a href=\"https:\/\/gallery.kadampa.org\/International-Festivals\/2018-Summer-Festival\/Day-3\/i-HnPvtwb\/A\"><img decoding=\"async\" src=\"https:\/\/photos.smugmug.com\/International-Festivals\/2018-Summer-Festival\/Day-3\/i-HnPvtwb\/0\/bc0e60b5\/XL\/6-BERG2523--XL.jpg\" alt=\"\" \/><\/a><\/p>\n<p>Por la tarde, guenla Jampa nos ayud\u00f3 a explorar las faltas de la estimaci\u00f3n propia. Otra joya m\u00e1s proveniente del venerable Gueshela fue: \u00abHas de sentirte cansado de aferrarte a ti mismo\/a. El plan de la estimaci\u00f3n propia y sus actividades no funcionan. Pensar &#8216;mi felicidad y libertad son importantes&#8217; y luego irlas a buscar en el oc\u00e9ano del sufrimiento \u00a1no funciona!\u00bb. <\/p>\n<p>De este modo, juntos, generamos la determinaci\u00f3n de cesar nuestra estimaci\u00f3n propia y, en su lugar, estimar a los dem\u00e1s.<\/p>\n<p>Por la noche nos reunimos en el <em>Templo para la Paz en el Mundo<\/em> para hacer juntos la <em>Gema que colma todos los deseos<\/em> con ofrendas de tsog. Una asamblea internacional que une sus mentes con la oraci\u00f3n y la aspiraci\u00f3n. No hay duda de que estas oraciones reverberar\u00e1n por todo el mundo, ahora y en el futuro.<\/p>\n<p><a href=\"https:\/\/gallery.kadampa.org\/International-Festivals\/2018-Summer-Festival\/Day-3\/i-ppHz3hz\/A\"><img decoding=\"async\" src=\"https:\/\/photos.smugmug.com\/International-Festivals\/2018-Summer-Festival\/Day-3\/i-ppHz3hz\/0\/aec8d469\/XL\/8-BERG2483--XL.jpg\" alt=\"\" \/><\/a><\/p>\n","protected":false},"excerpt":{"rendered":"<p>Los festivales, como record\u00f3 guenla Jampa en su primera charla cuando nos transmiti\u00f3 el mensaje especial del venerable Gueshela, son esenciales para \u00abmantener la Uni\u00f3n Internacional de Budismo Kadampa\u00bb para las generaciones futuras. Existen muchas acepciones del t\u00e9rmino Uni\u00f3n, pero una de ellas se refiere claramente a la que experimentamos en el Festival juntos como &#8230; <a title=\"Una uni\u00f3n especial\" class=\"read-more\" href=\"https:\/\/kadampafestivals.org\/es\/2018\/07\/una-union-especial-dia-3\" aria-label=\"Leer m\u00e1s sobre Una uni\u00f3n especial\">Read more<\/a><\/p>\n","protected":false},"author":1,"featured_media":19329,"comment_status":"closed","ping_status":"closed","sticky":false,"template":"","format":"standard","meta":{"footnotes":""},"categories":[10],"tags":[],"diaries":[616],"class_list":["post-19545","post","type-post","status-publish","format-standard","has-post-thumbnail","hentry","category-sin-categorizar","diaries-summer-festival-2018-es"],"_links":{"self":[{"href":"https:\/\/kadampafestivals.org\/es\/wp-json\/wp\/v2\/posts\/19545","targetHints":{"allow":["GET"]}}],"collection":[{"href":"https:\/\/kadampafestivals.org\/es\/wp-json\/wp\/v2\/posts"}],"about":[{"href":"https:\/\/kadampafestivals.org\/es\/wp-json\/wp\/v2\/types\/post"}],"author":[{"embeddable":true,"href":"https:\/\/kadampafestivals.org\/es\/wp-json\/wp\/v2\/users\/1"}],"replies":[{"embeddable":true,"href":"https:\/\/kadampafestivals.org\/es\/wp-json\/wp\/v2\/comments?post=19545"}],"version-history":[{"count":3,"href":"https:\/\/kadampafestivals.org\/es\/wp-json\/wp\/v2\/posts\/19545\/revisions"}],"predecessor-version":[{"id":19652,"href":"https:\/\/kadampafestivals.org\/es\/wp-json\/wp\/v2\/posts\/19545\/revisions\/19652"}],"wp:featuredmedia":[{"embeddable":true,"href":"https:\/\/kadampafestivals.org\/es\/wp-json\/wp\/v2\/media\/19329"}],"wp:attachment":[{"href":"https:\/\/kadampafestivals.org\/es\/wp-json\/wp\/v2\/media?parent=19545"}],"wp:term":[{"taxonomy":"category","embeddable":true,"href":"https:\/\/kadampafestivals.org\/es\/wp-json\/wp\/v2\/categories?post=19545"},{"taxonomy":"post_tag","embeddable":true,"href":"https:\/\/kadampafestivals.org\/es\/wp-json\/wp\/v2\/tags?post=19545"},{"taxonomy":"diaries","embeddable":true,"href":"https:\/\/kadampafestivals.org\/es\/wp-json\/wp\/v2\/diaries?post=19545"}],"curies":[{"name":"wp","href":"https:\/\/api.w.org\/{rel}","templated":true}]}}