{"id":19773,"date":"2018-08-11T21:10:14","date_gmt":"2018-08-11T21:10:14","guid":{"rendered":"https:\/\/kadampafestivals.org\/2018\/08\/admiring-faith"},"modified":"2018-08-22T06:28:00","modified_gmt":"2018-08-22T06:28:00","slug":"fe-admirativa-dia-15","status":"publish","type":"post","link":"https:\/\/kadampafestivals.org\/es\/2018\/08\/fe-admirativa-dia-15","title":{"rendered":"Fe admirativa"},"content":{"rendered":"<p>\u00a1Qu\u00e9 d\u00eda tan auspicioso para realizar un retiro de Vajrayoguini! Coincide con un d\u00eda especial, de tsog. Y para marcar la ocasi\u00f3n \u00a1por la ma\u00f1ana surge un hermoso arco iris sobre la sede del Festival!<\/p>\n<p><a href=\"https:\/\/gallery.kadampa.org\/International-Festivals\/2018-Summer-Festival\/Day-15\/n-FNNP5S\/i-Q755GkP\/A\"><img decoding=\"async\" src=\"https:\/\/photos.smugmug.com\/photos\/i-Q755GkP\/0\/f7d2f195\/XL\/i-Q755GkP-XL.jpg\" alt=\"\" \/><\/a><\/p>\n<p><a href=\"https:\/\/gallery.kadampa.org\/International-Festivals\/2018-Summer-Festival\/Day-15\/n-FNNP5S\/i-PQtZSKQ\/A\"><img decoding=\"async\" src=\"https:\/\/photos.smugmug.com\/photos\/i-PQtZSKQ\/0\/2386c309\/XL\/i-PQtZSKQ-XL.jpg\" alt=\"\" \/><\/a><\/p>\n<p>En la primera sesi\u00f3n de retiro, Kadam Morten sugiere que enfaticemos el Yoga del Guru. Nos anim\u00f3 a que siempre meditemos conectando con las bendiciones y sintiendo en nuestra mente la presencia del Gu\u00eda Espiritual. Y esto lo podemos hacer f\u00e1cilmente por medio de la fe admirativa.<\/p>\n<p><a href=\"https:\/\/gallery.kadampa.org\/International-Festivals\/2018-Summer-Festival\/Day-15\/n-FNNP5S\/i-3TjJxSw\/A\"><img decoding=\"async\" src=\"https:\/\/photos.smugmug.com\/photos\/i-3TjJxSw\/0\/e7654f67\/XL\/i-3TjJxSw-XL.jpg\" alt=\"\" \/><\/a><\/p>\n<p><a href=\"https:\/\/gallery.kadampa.org\/International-Festivals\/2018-Summer-Festival\/Day-15\/n-FNNP5S\/i-X4R5b8C\/A\"><img decoding=\"async\" src=\"https:\/\/photos.smugmug.com\/photos\/i-X4R5b8C\/0\/a1d9a1f5\/XL\/i-X4R5b8C-XL.jpg\" alt=\"\" \/><\/a><\/p>\n<p>Nos explic\u00f3 que la fe admirativa es de la naturaleza del regocijo. Si nos regocijamos en las cualidades y actividades virtuosas de nuestro Guru, la fe admirativa surge. \u00a1Y en un Festival de Verano como este, se pueden palpar los frutos de sus virtudes!<\/p>\n<p><a href=\"https:\/\/gallery.kadampa.org\/International-Festivals\/2018-Summer-Festival\/Day-15\/n-FNNP5S\/i-mTBLm9v\/A\"><img decoding=\"async\" src=\"https:\/\/photos.smugmug.com\/photos\/i-mTBLm9v\/0\/e22a53a2\/XL\/i-mTBLm9v-XL.jpg\" alt=\"\" \/><\/a><\/p>\n<p><a href=\"https:\/\/gallery.kadampa.org\/International-Festivals\/2018-Summer-Festival\/Day-15\/n-FNNP5S\/i-k2QHZFz\/A\"><img decoding=\"async\" src=\"https:\/\/photos.smugmug.com\/photos\/i-k2QHZFz\/0\/42168276\/XL\/i-k2QHZFz-XL.jpg\" alt=\"\" \/><\/a><\/p>\n<p><a href=\"https:\/\/gallery.kadampa.org\/International-Festivals\/2018-Summer-Festival\/Day-15\/n-FNNP5S\/i-WrQpBBk\/A\"><img decoding=\"async\" src=\"https:\/\/photos.smugmug.com\/photos\/i-WrQpBBk\/0\/6883a0be\/XL\/i-WrQpBBk-XL.jpg\" alt=\"\" \/><\/a><\/p>\n<p><a href=\"https:\/\/gallery.kadampa.org\/International-Festivals\/2018-Summer-Festival\/Day-15\/n-FNNP5S\/i-2W7ggnq\/A\"><img decoding=\"async\" src=\"https:\/\/photos.smugmug.com\/photos\/i-2W7ggnq\/0\/6ab1da2b\/XL\/i-2W7ggnq-XL.jpg\" alt=\"\" \/><\/a><\/p>\n<p>Algunas estimulantes frases de Kadam Mortem fueron:<br \/>\n\u00ab\u00a1De lo que va el regocijo es de sentirse contento!\u00bb.<br \/>\n\u00abLa funci\u00f3n de la retentiva mental (mindfulness) es mantener un objeto\u00bb.<br \/>\n\u00abLa funci\u00f3n de la concentraci\u00f3n es mezclar tu mente con ese objeto\u00bb.<br \/>\n\u00abPerm\u00edtete sentir esa alegr\u00eda y permanecer en ella. Si reposas en ese sentimiento, tu pr\u00e1ctica ser\u00e1 f\u00e1cil y te sentir\u00e1s bendecido\/a\u00bb.<\/p>\n<p><a href=\"https:\/\/gallery.kadampa.org\/International-Festivals\/2018-Summer-Festival\/Day-15\/n-FNNP5S\/i-Hbdx6HN\/A\"><img decoding=\"async\" src=\"https:\/\/photos.smugmug.com\/photos\/i-Hbdx6HN\/0\/2a83bc2c\/XL\/i-Hbdx6HN-XL.jpg\" alt=\"\" \/><\/a><\/p>\n<p>En la segunda sesi\u00f3n, Kadam Morten nos llev\u00f3 a concentrarnos en el mandala corporal.<br \/>\nNos indic\u00f3 c\u00f3mo usar los Yogas del dormir, del despertar y de experimentar n\u00e9ctar durante los intervalos entre sesiones, para disolver una y otra vez el yo que normalmente vemos, y poder surgir como nuestro nuevo yo puro.<\/p>\n<p>En la sesi\u00f3n final, Kadam Morten expres\u00f3 que es un privilegio estar en este lugar tan sagrado, con tantos practicantes participando en un retiro de Vajrayoguini.<br \/>\n\u00abEstamos aqu\u00ed como representantes de las diversas partes del mundo\u00bb.<br \/>\n\u00abHemos de tomarnos tiempo para reflexionar sobre nuestras experiencias vividas aqu\u00ed en este Festival. Estas experiencias son nuestra conexi\u00f3n con nuestro Gu\u00eda Espiritual. Piensa en c\u00f3mo las llevar\u00e1s a tu vida diaria\u00bb.<\/p>\n<p><a href=\"https:\/\/gallery.kadampa.org\/International-Festivals\/2018-Summer-Festival\/Day-15\/n-FNNP5S\/i-bkwR8j7\/A\"><img decoding=\"async\" src=\"https:\/\/photos.smugmug.com\/photos\/i-bkwR8j7\/0\/fb59f8bf\/XL\/i-bkwR8j7-XL.jpg\" alt=\"\" \/><\/a><\/p>\n<p><a href=\"https:\/\/gallery.kadampa.org\/International-Festivals\/2018-Summer-Festival\/Day-15\/n-FNNP5S\/i-NprDWFM\/A\"><img decoding=\"async\" src=\"https:\/\/photos.smugmug.com\/photos\/i-NprDWFM\/0\/ae78fd98\/XL\/i-NprDWFM-XL.jpg\" alt=\"\" \/><\/a><\/p>\n<p><a href=\"https:\/\/gallery.kadampa.org\/International-Festivals\/2018-Summer-Festival\/Day-15\/n-FNNP5S\/i-WsQH5hB\/A\"><img decoding=\"async\" src=\"https:\/\/photos.smugmug.com\/photos\/i-WsQH5hB\/0\/34e01fd0\/XL\/i-WsQH5hB-XL.jpg\" alt=\"\" \/><\/a><\/p>\n<p>El d\u00eda concluy\u00f3 con una <em>Ofrenda a la Gu\u00eda Espiritual<\/em>. Esta ofrenda especial de tsog nos permite renovar nuestros compromisos y evitar los obst\u00e1culos de nuestra pr\u00e1ctica. Es un m\u00e9todo especial para recibir el cuidado y la gu\u00eda de los Dakas y Dakinis, que otorgan las realizaciones de la etapa de consumaci\u00f3n.<\/p>\n<p><a href=\"https:\/\/gallery.kadampa.org\/International-Festivals\/2018-Summer-Festival\/Day-15\/n-FNNP5S\/i-JVcDdG2\/A\"><img decoding=\"async\" src=\"https:\/\/photos.smugmug.com\/photos\/i-JVcDdG2\/0\/87ffe503\/XL\/i-JVcDdG2-XL.jpg\" alt=\"\" \/><\/a><\/p>\n<p><a href=\"https:\/\/gallery.kadampa.org\/International-Festivals\/2018-Summer-Festival\/Day-15\/n-FNNP5S\/i-v5bGzK4\/A\"><img decoding=\"async\" src=\"https:\/\/photos.smugmug.com\/photos\/i-v5bGzK4\/0\/7e73bd7c\/XL\/i-v5bGzK4-XL.jpg\" alt=\"\" \/><\/a><\/p>\n<p><a href=\"https:\/\/gallery.kadampa.org\/International-Festivals\/2018-Summer-Festival\/Day-15\/n-FNNP5S\/i-JmgwfwW\/A\"><img decoding=\"async\" src=\"https:\/\/photos.smugmug.com\/photos\/i-JmgwfwW\/0\/207a2e2f\/XL\/i-JmgwfwW-XL.jpg\" alt=\"\" \/><\/a><\/p>\n","protected":false},"excerpt":{"rendered":"<p>\u00a1Qu\u00e9 d\u00eda tan auspicioso para realizar un retiro de Vajrayoguini! Coincide con un d\u00eda especial, de tsog. Y para marcar la ocasi\u00f3n \u00a1por la ma\u00f1ana surge un hermoso arco iris sobre la sede del Festival! En la primera sesi\u00f3n de retiro, Kadam Morten sugiere que enfaticemos el Yoga del Guru. Nos anim\u00f3 a que siempre &#8230; <a title=\"Fe admirativa\" class=\"read-more\" href=\"https:\/\/kadampafestivals.org\/es\/2018\/08\/fe-admirativa-dia-15\" aria-label=\"Leer m\u00e1s sobre Fe admirativa\">Read more<\/a><\/p>\n","protected":false},"author":1,"featured_media":19739,"comment_status":"closed","ping_status":"closed","sticky":false,"template":"","format":"standard","meta":{"footnotes":""},"categories":[10],"tags":[],"diaries":[616],"class_list":["post-19773","post","type-post","status-publish","format-standard","has-post-thumbnail","hentry","category-sin-categorizar","diaries-summer-festival-2018-es"],"_links":{"self":[{"href":"https:\/\/kadampafestivals.org\/es\/wp-json\/wp\/v2\/posts\/19773","targetHints":{"allow":["GET"]}}],"collection":[{"href":"https:\/\/kadampafestivals.org\/es\/wp-json\/wp\/v2\/posts"}],"about":[{"href":"https:\/\/kadampafestivals.org\/es\/wp-json\/wp\/v2\/types\/post"}],"author":[{"embeddable":true,"href":"https:\/\/kadampafestivals.org\/es\/wp-json\/wp\/v2\/users\/1"}],"replies":[{"embeddable":true,"href":"https:\/\/kadampafestivals.org\/es\/wp-json\/wp\/v2\/comments?post=19773"}],"version-history":[{"count":3,"href":"https:\/\/kadampafestivals.org\/es\/wp-json\/wp\/v2\/posts\/19773\/revisions"}],"predecessor-version":[{"id":19824,"href":"https:\/\/kadampafestivals.org\/es\/wp-json\/wp\/v2\/posts\/19773\/revisions\/19824"}],"wp:featuredmedia":[{"embeddable":true,"href":"https:\/\/kadampafestivals.org\/es\/wp-json\/wp\/v2\/media\/19739"}],"wp:attachment":[{"href":"https:\/\/kadampafestivals.org\/es\/wp-json\/wp\/v2\/media?parent=19773"}],"wp:term":[{"taxonomy":"category","embeddable":true,"href":"https:\/\/kadampafestivals.org\/es\/wp-json\/wp\/v2\/categories?post=19773"},{"taxonomy":"post_tag","embeddable":true,"href":"https:\/\/kadampafestivals.org\/es\/wp-json\/wp\/v2\/tags?post=19773"},{"taxonomy":"diaries","embeddable":true,"href":"https:\/\/kadampafestivals.org\/es\/wp-json\/wp\/v2\/diaries?post=19773"}],"curies":[{"name":"wp","href":"https:\/\/api.w.org\/{rel}","templated":true}]}}